{"id":405,"date":"2025-06-16T14:00:00","date_gmt":"2025-06-16T12:00:00","guid":{"rendered":"https:\/\/eic-it.infn.it\/?p=405"},"modified":"2025-06-19T09:04:45","modified_gmt":"2025-06-19T07:04:45","slug":"giornate-nazionali-eic_net-2024-2","status":"publish","type":"post","link":"https:\/\/eic-it.infn.it\/index.php\/2025\/06\/16\/giornate-nazionali-eic_net-2024-2\/","title":{"rendered":"Giornate Nazionali ePIC Italia 2025"},"content":{"rendered":"\n<p>Le prossime Giornate Nazionali ePIC Italia si terranno a Padova dal 16 al 18 Giugno 2025. Si tratta della settima edizione dell\u2019incontro annuale della collaborazione italiana INFN che partecipa al progetto ePIC ad EIC, la prima dal passaggio a sigla omonima di esperimento all\u2019interno della CSN3. Dalla prima edizione, tenutasi a Bari nel 2019, sono stati fatti molti progressi nella costruzione di una comunit\u00e0 solida e coesa che ha progressivamente assunto numerosi ruoli e responsabilit\u00e0 all\u2019interno della Collaborazione internazionale. Questi progressi hanno suggerito di espandere la durata della riunione portandola a due giorni interi, distribuiti su tre per ottimizzare il tempo degli spostamenti.<\/p>\n\n\n\n<p>Le sessioni iniziali prevederanno\u00a0relazioni su invito\u00a0che illustrino\u00a0le attivit\u00e0 della nostra comunit\u00e0 nei vari progetti in cui \u00e8 impegnata, lo stato e la prospettiva complessivi del contributo INFN ad ePIC, l\u2019inquadramento nel contesto internazionale\u00a0del progetto. La discussione di aspetti organizzativi, in sessione ristretta ai soli partecipanti di ePIC Italia, occuper\u00e0 la sessione finale dell\u2019incontro.\u00a0\u00a0L\u2019agenda contempler\u00e0 anche la premiazione della prima edizione dell\u2019evento di divulgazione \u201cVi presento ePIC!\u201d che vedr\u00e0 la partecipazione alla riunione di due studenti di scuola superiore vincitori del concorso omonimo.\u00a0<\/p>\n\n\n\n<div class=\"wp-block-buttons is-content-justification-center is-layout-flex wp-container-core-buttons-is-layout-16018d1d wp-block-buttons-is-layout-flex\">\n<div class=\"wp-block-button is-style-outline is-style-outline--1\"><a class=\"wp-block-button__link wp-element-button\" href=\"https:\/\/agenda.infn.it\/event\/44600\/\" target=\"_blank\" rel=\"noreferrer noopener\">CONFERENCE PAGE<\/a><\/div>\n<\/div>\n","protected":false},"excerpt":{"rendered":"<p>Le prossime Giornate Nazionali ePIC Italia si terranno a Padova dal 16 al 18 Giugno 2025. Si tratta della settima edizione dell\u2019incontro annuale della collaborazione italiana INFN che partecipa al progetto ePIC ad EIC, la prima dal passaggio a sigla omonima di esperimento all\u2019interno della CSN3. Dalla prima edizione, tenutasi a Bari nel 2019, sono&hellip;<\/p>\n","protected":false},"author":3,"featured_media":406,"comment_status":"closed","ping_status":"open","sticky":false,"template":"","format":"standard","meta":{"om_disable_all_campaigns":false,"_uf_show_specific_survey":0,"_uf_disable_surveys":false,"footnotes":""},"categories":[6,22],"tags":[],"class_list":["post-405","post","type-post","status-publish","format-standard","has-post-thumbnail","hentry","category-eic_net","category-meeting"],"aioseo_notices":[],"_links":{"self":[{"href":"https:\/\/eic-it.infn.it\/index.php\/wp-json\/wp\/v2\/posts\/405","targetHints":{"allow":["GET"]}}],"collection":[{"href":"https:\/\/eic-it.infn.it\/index.php\/wp-json\/wp\/v2\/posts"}],"about":[{"href":"https:\/\/eic-it.infn.it\/index.php\/wp-json\/wp\/v2\/types\/post"}],"author":[{"embeddable":true,"href":"https:\/\/eic-it.infn.it\/index.php\/wp-json\/wp\/v2\/users\/3"}],"replies":[{"embeddable":true,"href":"https:\/\/eic-it.infn.it\/index.php\/wp-json\/wp\/v2\/comments?post=405"}],"version-history":[{"count":1,"href":"https:\/\/eic-it.infn.it\/index.php\/wp-json\/wp\/v2\/posts\/405\/revisions"}],"predecessor-version":[{"id":407,"href":"https:\/\/eic-it.infn.it\/index.php\/wp-json\/wp\/v2\/posts\/405\/revisions\/407"}],"wp:featuredmedia":[{"embeddable":true,"href":"https:\/\/eic-it.infn.it\/index.php\/wp-json\/wp\/v2\/media\/406"}],"wp:attachment":[{"href":"https:\/\/eic-it.infn.it\/index.php\/wp-json\/wp\/v2\/media?parent=405"}],"wp:term":[{"taxonomy":"category","embeddable":true,"href":"https:\/\/eic-it.infn.it\/index.php\/wp-json\/wp\/v2\/categories?post=405"},{"taxonomy":"post_tag","embeddable":true,"href":"https:\/\/eic-it.infn.it\/index.php\/wp-json\/wp\/v2\/tags?post=405"}],"curies":[{"name":"wp","href":"https:\/\/api.w.org\/{rel}","templated":true}]}}