{"id":418,"date":"2025-07-03T13:05:22","date_gmt":"2025-07-03T11:05:22","guid":{"rendered":"https:\/\/eic-it.infn.it\/?p=418"},"modified":"2025-07-03T16:18:29","modified_gmt":"2025-07-03T14:18:29","slug":"vi-presento-epic-creativita-e-scienza-nei-video-degli-studenti","status":"publish","type":"post","link":"https:\/\/eic-it.infn.it\/index.php\/2025\/07\/03\/vi-presento-epic-creativita-e-scienza-nei-video-degli-studenti\/","title":{"rendered":"&#8220;Vi presento ePIC!&#8221;: creativit\u00e0 e scienza nei video degli studenti"},"content":{"rendered":"\n<p>Nell\u2019ambito delle attivit\u00e0 di divulgazione dell\u2019esperimento ePIC realizzate nei mesi scorsi a Catania, Cosenza, Salerno e Torino, \u00e8 stato organizzato l\u2019evento \u201cVi presento ePIC!\u201d, rivolto agli studenti delle scuole superiori. L\u2019iniziativa, oltre a illustrare gli obiettivi scientifici dell\u2019esperimento, ha proposto un concorso per la realizzazione di due video capaci di raccontare in modo efficace la fisica delle particelle insieme al lavoro svolto dalla nostra collaborazione. In palio per i vincitori, la partecipazione all\u2019incontro annuale della collaborazione italiana di ePIC 2025 organizzato a Padova dal 16 al 18 Giugno.<\/p>\n\n\n\n<p>Da tutti i video pervenuti era chiaro come gli studenti e le studentesse delle diverse scuole abbiano affrontato con passione e originalit\u00e0 il tema complesso, mostrando le loro soluzioni per raccontare scienza in modo coinvolgente, competente e creativo. Data la qualit\u00e0 dei video la selezione dei due vincitori non \u00e8 stata facile, i tre criteri scelti sono stati in primis le informazioni contenute, in secondo luogo la qualit\u00e0 dei video ed infine l&#8217;aver colto l&#8217; impatto della ricerca in fisica delle particelle nella nostra vita. Dopo un\u2019attenta valutazione, dunque, la giuria costituita da tre membri della collaborazione italiana di ePIC, ha deciso di assegnare il premio ai seguenti istituti:<\/p>\n\n\n\n<div class=\"wp-block-columns is-layout-flex wp-container-core-columns-is-layout-9d6595d7 wp-block-columns-is-layout-flex\">\n<div class=\"wp-block-column is-layout-flow wp-block-column-is-layout-flow\">\n<ul class=\"wp-block-list\">\n<li>Istituto di Istruzione Superiore \u201cLuca Pacioli\u201d di S. Anastasia (NA), per il video presentato da Vincenzo Nocerino<\/li>\n<\/ul>\n\n\n\n<div class=\"wp-block-buttons is-content-justification-center is-layout-flex wp-container-core-buttons-is-layout-16018d1d wp-block-buttons-is-layout-flex\">\n<div class=\"wp-block-button is-style-outline is-style-outline--1\"><a class=\"wp-block-button__link wp-element-button\" href=\"https:\/\/cernbox.cern.ch\/s\/ekRfJ40uvsDyaOU\">GUARDA IL VIDEO<\/a><\/div>\n<\/div>\n<\/div>\n\n\n\n<div class=\"wp-block-column is-layout-flow wp-block-column-is-layout-flow\">\n<ul class=\"wp-block-list\">\n<li>Liceo Scientifico Statale \u201cGalileo Galilei\u201d di Lamezia Terme (CZ), per il video presentato da Domenico Mantovano<\/li>\n<\/ul>\n\n\n\n<div class=\"wp-block-buttons is-content-justification-center is-layout-flex wp-container-core-buttons-is-layout-16018d1d wp-block-buttons-is-layout-flex\">\n<div class=\"wp-block-button is-style-outline is-style-outline--2\"><a class=\"wp-block-button__link wp-element-button\" href=\"https:\/\/cernbox.cern.ch\/s\/E2RkQNtXkVbSliI\">GUARDA IL VIDEO<\/a><\/div>\n<\/div>\n<\/div>\n<\/div>\n\n\n\n<p>La cerimonia di premiazione si \u00e8 tenuta marted\u00ec 17 giugno 2025 durante la sessione pomeridiana della riunione ePIC Italia 2025 presso la Sala della Carit\u00e0 a Padova.<\/p>\n\n\n\n<p>A nome di tutto il comitato organizzatore e della collaborazione ePIC, ringraziamo tutti i partecipanti per aver messo la loro creativit\u00e0 al servizio della scienza affrontando un tema cos\u00ec difficile come lo studio del nucleo. Continuiamo a coltivare insieme la curiosit\u00e0, la conoscenza e la passione per la ricerca: il futuro della scienza ha bisogno di voi!<\/p>\n","protected":false},"excerpt":{"rendered":"<p>Nell\u2019ambito delle attivit\u00e0 di divulgazione dell\u2019esperimento ePIC realizzate nei mesi scorsi a Catania, Cosenza, Salerno e Torino, \u00e8 stato organizzato l\u2019evento \u201cVi presento ePIC!\u201d, rivolto agli studenti delle scuole superiori. L\u2019iniziativa, oltre a illustrare gli obiettivi scientifici dell\u2019esperimento, ha proposto un concorso per la realizzazione di due video capaci di raccontare in modo efficace la&hellip;<\/p>\n","protected":false},"author":8,"featured_media":411,"comment_status":"closed","ping_status":"open","sticky":false,"template":"","format":"standard","meta":{"om_disable_all_campaigns":false,"_uf_show_specific_survey":0,"_uf_disable_surveys":false,"footnotes":""},"categories":[6,23,7,21],"tags":[],"class_list":["post-418","post","type-post","status-publish","format-standard","has-post-thumbnail","hentry","category-eic_net","category-epic-it","category-news","category-outreach"],"aioseo_notices":[],"_links":{"self":[{"href":"https:\/\/eic-it.infn.it\/index.php\/wp-json\/wp\/v2\/posts\/418","targetHints":{"allow":["GET"]}}],"collection":[{"href":"https:\/\/eic-it.infn.it\/index.php\/wp-json\/wp\/v2\/posts"}],"about":[{"href":"https:\/\/eic-it.infn.it\/index.php\/wp-json\/wp\/v2\/types\/post"}],"author":[{"embeddable":true,"href":"https:\/\/eic-it.infn.it\/index.php\/wp-json\/wp\/v2\/users\/8"}],"replies":[{"embeddable":true,"href":"https:\/\/eic-it.infn.it\/index.php\/wp-json\/wp\/v2\/comments?post=418"}],"version-history":[{"count":6,"href":"https:\/\/eic-it.infn.it\/index.php\/wp-json\/wp\/v2\/posts\/418\/revisions"}],"predecessor-version":[{"id":435,"href":"https:\/\/eic-it.infn.it\/index.php\/wp-json\/wp\/v2\/posts\/418\/revisions\/435"}],"wp:featuredmedia":[{"embeddable":true,"href":"https:\/\/eic-it.infn.it\/index.php\/wp-json\/wp\/v2\/media\/411"}],"wp:attachment":[{"href":"https:\/\/eic-it.infn.it\/index.php\/wp-json\/wp\/v2\/media?parent=418"}],"wp:term":[{"taxonomy":"category","embeddable":true,"href":"https:\/\/eic-it.infn.it\/index.php\/wp-json\/wp\/v2\/categories?post=418"},{"taxonomy":"post_tag","embeddable":true,"href":"https:\/\/eic-it.infn.it\/index.php\/wp-json\/wp\/v2\/tags?post=418"}],"curies":[{"name":"wp","href":"https:\/\/api.w.org\/{rel}","templated":true}]}}